{"id":6618,"date":"2025-09-05T14:45:03","date_gmt":"2025-09-05T14:45:03","guid":{"rendered":"https:\/\/avselectronics.sviluppo.spherica.it\/non-categorise\/securite-milan-19-21-novembre-2025-hall-7-stand-e09-g06\/"},"modified":"2026-02-18T14:11:17","modified_gmt":"2026-02-18T14:11:17","slug":"securite-milan-19-21-novembre-2025-hall-7-stand-e09-g06","status":"publish","type":"post","link":"https:\/\/avselectronics.sviluppo.spherica.it\/fr\/evenements\/securite-milan-19-21-novembre-2025-hall-7-stand-e09-g06\/","title":{"rendered":"S\u00c9CURIT\u00c9 Milan 19-21 novembre 2025 &#8211; Hall 7 Stand E09 G06"},"content":{"rendered":"<p>Du 19 au 21 novembre 2025, nous serons pr\u00e9sents \u00e0 SICUREZZA 2025, le salon international le plus prestigieux d\u00e9di\u00e9 \u00e0 la s\u00e9curit\u00e9.<br \/>\nVenez nous rencontrer dans le hall 7, stand E09 G06, pour d\u00e9couvrir nos derni\u00e8res solutions et technologies de protection des biens, des personnes et des sites. Solutions de pr\u00e9vention des intrusions et des incendies.<br \/>\nUne occasion unique de rencontrer notre \u00e9quipe, de d\u00e9couvrir nos nouveaut\u00e9s et d&#8217;\u00e9changer sur l&#8217;innovation et l&#8217;avenir de la s\u00e9curit\u00e9.<br \/>\nNous esp\u00e9rons vous y voir nombreux !<\/p>\n","protected":false},"excerpt":{"rendered":"<p>Du 19 au 21 novembre 2025, nous serons pr\u00e9sents \u00e0 SICUREZZA 2025, le salon international le plus prestigieux d\u00e9di\u00e9 \u00e0 la s\u00e9curit\u00e9. Venez nous rencontrer dans le hall 7, stand E09 G06, pour d\u00e9couvrir nos derni\u00e8res solutions et technologies de protection des biens, des personnes et des sites. Solutions de pr\u00e9vention des intrusions et des [&hellip;]<\/p>\n","protected":false},"author":1,"featured_media":6617,"comment_status":"open","ping_status":"open","sticky":false,"template":"","format":"standard","meta":{"_acf_changed":false,"footnotes":""},"categories":[623],"tags":[],"class_list":["post-6618","post","type-post","status-publish","format-standard","has-post-thumbnail","hentry","category-evenements"],"acf":[],"yoast_head":"<!-- This site is optimized with the Yoast SEO plugin v27.1.1 - https:\/\/yoast.com\/product\/yoast-seo-wordpress\/ -->\n<title>S\u00c9CURIT\u00c9 Milan 19-21 novembre 2025 - Hall 7 Stand E09 G06 - AVS Electronics<\/title>\n<meta name=\"robots\" content=\"noindex, follow, max-snippet:-1, max-image-preview:large, max-video-preview:-1\" \/>\n<meta property=\"og:locale\" content=\"fr_FR\" \/>\n<meta property=\"og:type\" content=\"article\" \/>\n<meta property=\"og:title\" content=\"S\u00c9CURIT\u00c9 Milan 19-21 novembre 2025 - Hall 7 Stand E09 G06 - AVS Electronics\" \/>\n<meta property=\"og:description\" content=\"Du 19 au 21 novembre 2025, nous serons pr\u00e9sents \u00e0 SICUREZZA 2025, le salon international le plus prestigieux d\u00e9di\u00e9 \u00e0 la s\u00e9curit\u00e9. Venez nous rencontrer dans le hall 7, stand E09 G06, pour d\u00e9couvrir nos derni\u00e8res solutions et technologies de protection des biens, des personnes et des sites. Solutions de pr\u00e9vention des intrusions et des [&hellip;]\" \/>\n<meta property=\"og:url\" content=\"https:\/\/avselectronics.sviluppo.spherica.it\/fr\/evenements\/securite-milan-19-21-novembre-2025-hall-7-stand-e09-g06\/\" \/>\n<meta property=\"og:site_name\" content=\"AVS Electronics\" \/>\n<meta property=\"article:published_time\" content=\"2025-09-05T14:45:03+00:00\" \/>\n<meta property=\"article:modified_time\" content=\"2026-02-18T14:11:17+00:00\" \/>\n<meta property=\"og:image\" content=\"https:\/\/avselectronics.sviluppo.spherica.it\/wp-content\/uploads\/2025\/09\/Frame-448.jpg\" \/>\n\t<meta property=\"og:image:width\" content=\"790\" \/>\n\t<meta property=\"og:image:height\" content=\"339\" \/>\n\t<meta property=\"og:image:type\" content=\"image\/jpeg\" \/>\n<meta name=\"author\" content=\"admin\" \/>\n<meta name=\"twitter:card\" content=\"summary_large_image\" \/>\n<meta name=\"twitter:label1\" content=\"\u00c9crit par\" \/>\n\t<meta name=\"twitter:data1\" content=\"admin\" \/>\n\t<meta name=\"twitter:label2\" content=\"Dur\u00e9e de lecture estim\u00e9e\" \/>\n\t<meta name=\"twitter:data2\" content=\"1 minute\" \/>\n<script type=\"application\/ld+json\" class=\"yoast-schema-graph\">{\"@context\":\"https:\/\/schema.org\",\"@graph\":[{\"@type\":\"Article\",\"@id\":\"https:\/\/avselectronics.sviluppo.spherica.it\/fr\/evenements\/securite-milan-19-21-novembre-2025-hall-7-stand-e09-g06\/#article\",\"isPartOf\":{\"@id\":\"https:\/\/avselectronics.sviluppo.spherica.it\/fr\/evenements\/securite-milan-19-21-novembre-2025-hall-7-stand-e09-g06\/\"},\"author\":{\"name\":\"admin\",\"@id\":\"https:\/\/avselectronics.sviluppo.spherica.it\/fr\/#\/schema\/person\/af261ca4099199c1ea3f617159daec23\"},\"headline\":\"S\u00c9CURIT\u00c9 Milan 19-21 novembre 2025 &#8211; Hall 7 Stand E09 G06\",\"datePublished\":\"2025-09-05T14:45:03+00:00\",\"dateModified\":\"2026-02-18T14:11:17+00:00\",\"mainEntityOfPage\":{\"@id\":\"https:\/\/avselectronics.sviluppo.spherica.it\/fr\/evenements\/securite-milan-19-21-novembre-2025-hall-7-stand-e09-g06\/\"},\"wordCount\":98,\"commentCount\":0,\"publisher\":{\"@id\":\"https:\/\/avselectronics.sviluppo.spherica.it\/fr\/#organization\"},\"image\":{\"@id\":\"https:\/\/avselectronics.sviluppo.spherica.it\/fr\/evenements\/securite-milan-19-21-novembre-2025-hall-7-stand-e09-g06\/#primaryimage\"},\"thumbnailUrl\":\"https:\/\/avselectronics.sviluppo.spherica.it\/wp-content\/uploads\/2025\/09\/Frame-448.jpg\",\"articleSection\":[\"\u00c9v\u00e9nements\"],\"inLanguage\":\"fr-FR\",\"potentialAction\":[{\"@type\":\"CommentAction\",\"name\":\"Comment\",\"target\":[\"https:\/\/avselectronics.sviluppo.spherica.it\/fr\/evenements\/securite-milan-19-21-novembre-2025-hall-7-stand-e09-g06\/#respond\"]}]},{\"@type\":\"WebPage\",\"@id\":\"https:\/\/avselectronics.sviluppo.spherica.it\/fr\/evenements\/securite-milan-19-21-novembre-2025-hall-7-stand-e09-g06\/\",\"url\":\"https:\/\/avselectronics.sviluppo.spherica.it\/fr\/evenements\/securite-milan-19-21-novembre-2025-hall-7-stand-e09-g06\/\",\"name\":\"S\u00c9CURIT\u00c9 Milan 19-21 novembre 2025 - Hall 7 Stand E09 G06 - AVS Electronics\",\"isPartOf\":{\"@id\":\"https:\/\/avselectronics.sviluppo.spherica.it\/fr\/#website\"},\"primaryImageOfPage\":{\"@id\":\"https:\/\/avselectronics.sviluppo.spherica.it\/fr\/evenements\/securite-milan-19-21-novembre-2025-hall-7-stand-e09-g06\/#primaryimage\"},\"image\":{\"@id\":\"https:\/\/avselectronics.sviluppo.spherica.it\/fr\/evenements\/securite-milan-19-21-novembre-2025-hall-7-stand-e09-g06\/#primaryimage\"},\"thumbnailUrl\":\"https:\/\/avselectronics.sviluppo.spherica.it\/wp-content\/uploads\/2025\/09\/Frame-448.jpg\",\"datePublished\":\"2025-09-05T14:45:03+00:00\",\"dateModified\":\"2026-02-18T14:11:17+00:00\",\"breadcrumb\":{\"@id\":\"https:\/\/avselectronics.sviluppo.spherica.it\/fr\/evenements\/securite-milan-19-21-novembre-2025-hall-7-stand-e09-g06\/#breadcrumb\"},\"inLanguage\":\"fr-FR\",\"potentialAction\":[{\"@type\":\"ReadAction\",\"target\":[\"https:\/\/avselectronics.sviluppo.spherica.it\/fr\/evenements\/securite-milan-19-21-novembre-2025-hall-7-stand-e09-g06\/\"]}]},{\"@type\":\"ImageObject\",\"inLanguage\":\"fr-FR\",\"@id\":\"https:\/\/avselectronics.sviluppo.spherica.it\/fr\/evenements\/securite-milan-19-21-novembre-2025-hall-7-stand-e09-g06\/#primaryimage\",\"url\":\"https:\/\/avselectronics.sviluppo.spherica.it\/wp-content\/uploads\/2025\/09\/Frame-448.jpg\",\"contentUrl\":\"https:\/\/avselectronics.sviluppo.spherica.it\/wp-content\/uploads\/2025\/09\/Frame-448.jpg\",\"width\":790,\"height\":339},{\"@type\":\"BreadcrumbList\",\"@id\":\"https:\/\/avselectronics.sviluppo.spherica.it\/fr\/evenements\/securite-milan-19-21-novembre-2025-hall-7-stand-e09-g06\/#breadcrumb\",\"itemListElement\":[{\"@type\":\"ListItem\",\"position\":1,\"name\":\"\",\"item\":\"https:\/\/avselectronics.sviluppo.spherica.it\/fr\/\"},{\"@type\":\"ListItem\",\"position\":2,\"name\":\"S\u00c9CURIT\u00c9 Milan 19-21 novembre 2025 &#8211; Hall 7 Stand E09 G06\"}]},{\"@type\":\"WebSite\",\"@id\":\"https:\/\/avselectronics.sviluppo.spherica.it\/fr\/#website\",\"url\":\"https:\/\/avselectronics.sviluppo.spherica.it\/fr\/\",\"name\":\"AVS Electronics\",\"description\":\"Sicuri e protetti. Sempre.\",\"publisher\":{\"@id\":\"https:\/\/avselectronics.sviluppo.spherica.it\/fr\/#organization\"},\"potentialAction\":[{\"@type\":\"SearchAction\",\"target\":{\"@type\":\"EntryPoint\",\"urlTemplate\":\"https:\/\/avselectronics.sviluppo.spherica.it\/fr\/?s={search_term_string}\"},\"query-input\":{\"@type\":\"PropertyValueSpecification\",\"valueRequired\":true,\"valueName\":\"search_term_string\"}}],\"inLanguage\":\"fr-FR\"},{\"@type\":\"Organization\",\"@id\":\"https:\/\/avselectronics.sviluppo.spherica.it\/fr\/#organization\",\"name\":\"AVS Electronics\",\"url\":\"https:\/\/avselectronics.sviluppo.spherica.it\/fr\/\",\"logo\":{\"@type\":\"ImageObject\",\"inLanguage\":\"fr-FR\",\"@id\":\"https:\/\/avselectronics.sviluppo.spherica.it\/fr\/#\/schema\/logo\/image\/\",\"url\":\"https:\/\/avselectronics.sviluppo.spherica.it\/wp-content\/uploads\/2025\/08\/AVS_logo.png\",\"contentUrl\":\"https:\/\/avselectronics.sviluppo.spherica.it\/wp-content\/uploads\/2025\/08\/AVS_logo.png\",\"width\":381,\"height\":179,\"caption\":\"AVS Electronics\"},\"image\":{\"@id\":\"https:\/\/avselectronics.sviluppo.spherica.it\/fr\/#\/schema\/logo\/image\/\"}},{\"@type\":\"Person\",\"@id\":\"https:\/\/avselectronics.sviluppo.spherica.it\/fr\/#\/schema\/person\/af261ca4099199c1ea3f617159daec23\",\"name\":\"admin\",\"image\":{\"@type\":\"ImageObject\",\"inLanguage\":\"fr-FR\",\"@id\":\"https:\/\/avselectronics.sviluppo.spherica.it\/fr\/#\/schema\/person\/image\/\",\"url\":\"https:\/\/secure.gravatar.com\/avatar\/a92b3832ec4cba8987ca123791fd67d41f8731139e61f5460d9a043e4f4800c7?s=96&d=mm&r=g\",\"contentUrl\":\"https:\/\/secure.gravatar.com\/avatar\/a92b3832ec4cba8987ca123791fd67d41f8731139e61f5460d9a043e4f4800c7?s=96&d=mm&r=g\",\"caption\":\"admin\"},\"sameAs\":[\"https:\/\/avselectronics.sviluppo.spherica.it\"],\"url\":\"https:\/\/avselectronics.sviluppo.spherica.it\/fr\/author\/supporto_dlnrd7yr\/\"}]}<\/script>\n<!-- \/ Yoast SEO plugin. -->","yoast_head_json":{"title":"S\u00c9CURIT\u00c9 Milan 19-21 novembre 2025 - Hall 7 Stand E09 G06 - AVS Electronics","robots":{"index":"noindex","follow":"follow","max-snippet":"max-snippet:-1","max-image-preview":"max-image-preview:large","max-video-preview":"max-video-preview:-1"},"og_locale":"fr_FR","og_type":"article","og_title":"S\u00c9CURIT\u00c9 Milan 19-21 novembre 2025 - Hall 7 Stand E09 G06 - AVS Electronics","og_description":"Du 19 au 21 novembre 2025, nous serons pr\u00e9sents \u00e0 SICUREZZA 2025, le salon international le plus prestigieux d\u00e9di\u00e9 \u00e0 la s\u00e9curit\u00e9. Venez nous rencontrer dans le hall 7, stand E09 G06, pour d\u00e9couvrir nos derni\u00e8res solutions et technologies de protection des biens, des personnes et des sites. Solutions de pr\u00e9vention des intrusions et des [&hellip;]","og_url":"https:\/\/avselectronics.sviluppo.spherica.it\/fr\/evenements\/securite-milan-19-21-novembre-2025-hall-7-stand-e09-g06\/","og_site_name":"AVS Electronics","article_published_time":"2025-09-05T14:45:03+00:00","article_modified_time":"2026-02-18T14:11:17+00:00","og_image":[{"width":790,"height":339,"url":"https:\/\/avselectronics.sviluppo.spherica.it\/wp-content\/uploads\/2025\/09\/Frame-448.jpg","type":"image\/jpeg"}],"author":"admin","twitter_card":"summary_large_image","twitter_misc":{"\u00c9crit par":"admin","Dur\u00e9e de lecture estim\u00e9e":"1 minute"},"schema":{"@context":"https:\/\/schema.org","@graph":[{"@type":"Article","@id":"https:\/\/avselectronics.sviluppo.spherica.it\/fr\/evenements\/securite-milan-19-21-novembre-2025-hall-7-stand-e09-g06\/#article","isPartOf":{"@id":"https:\/\/avselectronics.sviluppo.spherica.it\/fr\/evenements\/securite-milan-19-21-novembre-2025-hall-7-stand-e09-g06\/"},"author":{"name":"admin","@id":"https:\/\/avselectronics.sviluppo.spherica.it\/fr\/#\/schema\/person\/af261ca4099199c1ea3f617159daec23"},"headline":"S\u00c9CURIT\u00c9 Milan 19-21 novembre 2025 &#8211; Hall 7 Stand E09 G06","datePublished":"2025-09-05T14:45:03+00:00","dateModified":"2026-02-18T14:11:17+00:00","mainEntityOfPage":{"@id":"https:\/\/avselectronics.sviluppo.spherica.it\/fr\/evenements\/securite-milan-19-21-novembre-2025-hall-7-stand-e09-g06\/"},"wordCount":98,"commentCount":0,"publisher":{"@id":"https:\/\/avselectronics.sviluppo.spherica.it\/fr\/#organization"},"image":{"@id":"https:\/\/avselectronics.sviluppo.spherica.it\/fr\/evenements\/securite-milan-19-21-novembre-2025-hall-7-stand-e09-g06\/#primaryimage"},"thumbnailUrl":"https:\/\/avselectronics.sviluppo.spherica.it\/wp-content\/uploads\/2025\/09\/Frame-448.jpg","articleSection":["\u00c9v\u00e9nements"],"inLanguage":"fr-FR","potentialAction":[{"@type":"CommentAction","name":"Comment","target":["https:\/\/avselectronics.sviluppo.spherica.it\/fr\/evenements\/securite-milan-19-21-novembre-2025-hall-7-stand-e09-g06\/#respond"]}]},{"@type":"WebPage","@id":"https:\/\/avselectronics.sviluppo.spherica.it\/fr\/evenements\/securite-milan-19-21-novembre-2025-hall-7-stand-e09-g06\/","url":"https:\/\/avselectronics.sviluppo.spherica.it\/fr\/evenements\/securite-milan-19-21-novembre-2025-hall-7-stand-e09-g06\/","name":"S\u00c9CURIT\u00c9 Milan 19-21 novembre 2025 - Hall 7 Stand E09 G06 - AVS Electronics","isPartOf":{"@id":"https:\/\/avselectronics.sviluppo.spherica.it\/fr\/#website"},"primaryImageOfPage":{"@id":"https:\/\/avselectronics.sviluppo.spherica.it\/fr\/evenements\/securite-milan-19-21-novembre-2025-hall-7-stand-e09-g06\/#primaryimage"},"image":{"@id":"https:\/\/avselectronics.sviluppo.spherica.it\/fr\/evenements\/securite-milan-19-21-novembre-2025-hall-7-stand-e09-g06\/#primaryimage"},"thumbnailUrl":"https:\/\/avselectronics.sviluppo.spherica.it\/wp-content\/uploads\/2025\/09\/Frame-448.jpg","datePublished":"2025-09-05T14:45:03+00:00","dateModified":"2026-02-18T14:11:17+00:00","breadcrumb":{"@id":"https:\/\/avselectronics.sviluppo.spherica.it\/fr\/evenements\/securite-milan-19-21-novembre-2025-hall-7-stand-e09-g06\/#breadcrumb"},"inLanguage":"fr-FR","potentialAction":[{"@type":"ReadAction","target":["https:\/\/avselectronics.sviluppo.spherica.it\/fr\/evenements\/securite-milan-19-21-novembre-2025-hall-7-stand-e09-g06\/"]}]},{"@type":"ImageObject","inLanguage":"fr-FR","@id":"https:\/\/avselectronics.sviluppo.spherica.it\/fr\/evenements\/securite-milan-19-21-novembre-2025-hall-7-stand-e09-g06\/#primaryimage","url":"https:\/\/avselectronics.sviluppo.spherica.it\/wp-content\/uploads\/2025\/09\/Frame-448.jpg","contentUrl":"https:\/\/avselectronics.sviluppo.spherica.it\/wp-content\/uploads\/2025\/09\/Frame-448.jpg","width":790,"height":339},{"@type":"BreadcrumbList","@id":"https:\/\/avselectronics.sviluppo.spherica.it\/fr\/evenements\/securite-milan-19-21-novembre-2025-hall-7-stand-e09-g06\/#breadcrumb","itemListElement":[{"@type":"ListItem","position":1,"name":"","item":"https:\/\/avselectronics.sviluppo.spherica.it\/fr\/"},{"@type":"ListItem","position":2,"name":"S\u00c9CURIT\u00c9 Milan 19-21 novembre 2025 &#8211; Hall 7 Stand E09 G06"}]},{"@type":"WebSite","@id":"https:\/\/avselectronics.sviluppo.spherica.it\/fr\/#website","url":"https:\/\/avselectronics.sviluppo.spherica.it\/fr\/","name":"AVS Electronics","description":"Sicuri e protetti. Sempre.","publisher":{"@id":"https:\/\/avselectronics.sviluppo.spherica.it\/fr\/#organization"},"potentialAction":[{"@type":"SearchAction","target":{"@type":"EntryPoint","urlTemplate":"https:\/\/avselectronics.sviluppo.spherica.it\/fr\/?s={search_term_string}"},"query-input":{"@type":"PropertyValueSpecification","valueRequired":true,"valueName":"search_term_string"}}],"inLanguage":"fr-FR"},{"@type":"Organization","@id":"https:\/\/avselectronics.sviluppo.spherica.it\/fr\/#organization","name":"AVS Electronics","url":"https:\/\/avselectronics.sviluppo.spherica.it\/fr\/","logo":{"@type":"ImageObject","inLanguage":"fr-FR","@id":"https:\/\/avselectronics.sviluppo.spherica.it\/fr\/#\/schema\/logo\/image\/","url":"https:\/\/avselectronics.sviluppo.spherica.it\/wp-content\/uploads\/2025\/08\/AVS_logo.png","contentUrl":"https:\/\/avselectronics.sviluppo.spherica.it\/wp-content\/uploads\/2025\/08\/AVS_logo.png","width":381,"height":179,"caption":"AVS Electronics"},"image":{"@id":"https:\/\/avselectronics.sviluppo.spherica.it\/fr\/#\/schema\/logo\/image\/"}},{"@type":"Person","@id":"https:\/\/avselectronics.sviluppo.spherica.it\/fr\/#\/schema\/person\/af261ca4099199c1ea3f617159daec23","name":"admin","image":{"@type":"ImageObject","inLanguage":"fr-FR","@id":"https:\/\/avselectronics.sviluppo.spherica.it\/fr\/#\/schema\/person\/image\/","url":"https:\/\/secure.gravatar.com\/avatar\/a92b3832ec4cba8987ca123791fd67d41f8731139e61f5460d9a043e4f4800c7?s=96&d=mm&r=g","contentUrl":"https:\/\/secure.gravatar.com\/avatar\/a92b3832ec4cba8987ca123791fd67d41f8731139e61f5460d9a043e4f4800c7?s=96&d=mm&r=g","caption":"admin"},"sameAs":["https:\/\/avselectronics.sviluppo.spherica.it"],"url":"https:\/\/avselectronics.sviluppo.spherica.it\/fr\/author\/supporto_dlnrd7yr\/"}]}},"_links":{"self":[{"href":"https:\/\/avselectronics.sviluppo.spherica.it\/fr\/wp-json\/wp\/v2\/posts\/6618","targetHints":{"allow":["GET"]}}],"collection":[{"href":"https:\/\/avselectronics.sviluppo.spherica.it\/fr\/wp-json\/wp\/v2\/posts"}],"about":[{"href":"https:\/\/avselectronics.sviluppo.spherica.it\/fr\/wp-json\/wp\/v2\/types\/post"}],"author":[{"embeddable":true,"href":"https:\/\/avselectronics.sviluppo.spherica.it\/fr\/wp-json\/wp\/v2\/users\/1"}],"replies":[{"embeddable":true,"href":"https:\/\/avselectronics.sviluppo.spherica.it\/fr\/wp-json\/wp\/v2\/comments?post=6618"}],"version-history":[{"count":2,"href":"https:\/\/avselectronics.sviluppo.spherica.it\/fr\/wp-json\/wp\/v2\/posts\/6618\/revisions"}],"predecessor-version":[{"id":9989,"href":"https:\/\/avselectronics.sviluppo.spherica.it\/fr\/wp-json\/wp\/v2\/posts\/6618\/revisions\/9989"}],"wp:featuredmedia":[{"embeddable":true,"href":"https:\/\/avselectronics.sviluppo.spherica.it\/fr\/wp-json\/wp\/v2\/media\/6617"}],"wp:attachment":[{"href":"https:\/\/avselectronics.sviluppo.spherica.it\/fr\/wp-json\/wp\/v2\/media?parent=6618"}],"wp:term":[{"taxonomy":"category","embeddable":true,"href":"https:\/\/avselectronics.sviluppo.spherica.it\/fr\/wp-json\/wp\/v2\/categories?post=6618"},{"taxonomy":"post_tag","embeddable":true,"href":"https:\/\/avselectronics.sviluppo.spherica.it\/fr\/wp-json\/wp\/v2\/tags?post=6618"}],"curies":[{"name":"wp","href":"https:\/\/api.w.org\/{rel}","templated":true}]}}